{"id":6065,"date":"2025-05-02T09:23:52","date_gmt":"2025-05-02T09:23:52","guid":{"rendered":"https:\/\/www.zahnregulierung-klagenfurt.at\/?p=6065"},"modified":"2025-12-11T12:57:30","modified_gmt":"2025-12-11T12:57:30","slug":"schones-lacheln","status":"publish","type":"post","link":"https:\/\/www.zahnregulierung-klagenfurt.at\/de\/fachartikel\/schones-lacheln\/","title":{"rendered":"Sch\u00f6nes L\u00e4cheln: Darauf kommt es wirklich an!"},"content":{"rendered":"\n<p>Sie w\u00fcnschen sich ein nat\u00fcrlich sch\u00f6nes L\u00e4cheln, das zu Ihnen passt? Mit diesem Traum sind Sie nicht allein. Denn ein strahlendes L\u00e4cheln kann gelegentlich mehr als nur gut aussehen: Oft wird es als T\u00fcr\u00f6ffner, Sympathie-Bonus und Kick f\u00fcr das Selbstbewusstsein empfunden. Kein Wunder also, dass auch viele unserer Patientinnen und Patienten mit dem Wunsch nach einem sch\u00f6nen L\u00e4cheln zu uns kommen.<\/p>\n\n\n\n<p>Deshalb haben wir es uns zur Aufgabe gemacht, unsere Patienten auf dem Weg zum sch\u00f6nen L\u00e4cheln zu begleiten \u2013 mit moderner Zahn\u00e4sthetik und individueller Beratung. So wollen wir f\u00fcr unsere Patienten einen Ort schaffen, wo ihr L\u00e4cheln im Mittelpunkt steht.<\/p>\n\n\n\n<p>Lernen Sie in diesem Beitrag die f\u00fcnf wichtigsten Faktoren f\u00fcr ein sch\u00f6nes L\u00e4cheln kennen \u2013 und erfahren Sie, wie Sie es erreichen k\u00f6nnen.<\/p>\n\n\n\n<h3 class=\"wp-block-heading\" id=\"h-1-gerade-und-symmetrische-zahne-die-grundlage-des-lachelns\">1. Gerade und symmetrische Z\u00e4hne: Die Grundlage des L\u00e4chelns<\/h3>\n\n\n\n<p>Gerade und symmetrische Z\u00e4hne z\u00e4hlen zu den wichtigsten Faktoren f\u00fcr ein sch\u00f6nes L\u00e4cheln (Kershaw et al., 2008). Schon kleine Unregelm\u00e4\u00dfigkeiten k\u00f6nnen das Gesamtbild st\u00f6ren. Typische Probleme, die wir h\u00e4ufig sehen, sind:<\/p>\n\n\n\n<ul class=\"wp-block-list\">\n<li>verdrehte Z\u00e4hne,<\/li>\n\n\n\n<li>Zahnl\u00fccken,<\/li>\n\n\n\n<li><a href=\"https:\/\/www.zahnregulierung-klagenfurt.at\/de\/news\/zahnfehlstellungen-beheben-mit-kunststoffschienen\/\">Zahnfehlstellungen<\/a>,<\/li>\n\n\n\n<li>abgebrochene Zahnkanten,<\/li>\n\n\n\n<li>gr\u00f6\u00dfere Zahnzwischenr\u00e4ume und<\/li>\n\n\n\n<li>\u00fcberlappende Z\u00e4hne.<\/li>\n<\/ul>\n\n\n\n<p>Tipp aus der Praxis: Eine <a href=\"https:\/\/www.zahnregulierung-klagenfurt.at\/de\/\">Zahnregulierung<\/a> ist nicht nur f\u00fcr Kinder und Jugendliche wichtig, sondern auch im Erwachsenenalter sehr wirksam. Die <a href=\"https:\/\/www.zahnregulierung-klagenfurt.at\/de\/leistungen\/unsichtbare-zahnspange\/\">fast unsichtbare Zahnspange<\/a> eignet sich sehr gut f\u00fcr eine unauff\u00e4llige Zahnkorrektur. Dabei handelt es sich um ma\u00dfgeschneiderte Zahnschienen, die nahezu unsichtbar sind und sich bequem in den Alltag integrieren lassen.<\/p>\n\n\n\n<p>Kleine Unebenheiten oder abgeschlagene Ecken k\u00f6nnen mit Veneers \u2013 d\u00fcnnen Keramikschalen \u2013 optisch absolut nat\u00fcrlich \u00fcberdeckt werden. Gerade im Frontzahnbereich erzielen wir damit gute Ergebnisse, ohne dass gr\u00f6\u00dfere Eingriffe notwendig sind.<\/p>\n\n\n\n<h3 class=\"wp-block-heading\" id=\"h-2-die-lachlinie-harmonie-im-lacheln\">2. Die Lachlinie: Harmonie im L\u00e4cheln<\/h3>\n\n\n\n<figure class=\"wp-block-image size-large\"><img fetchpriority=\"high\" decoding=\"async\" width=\"1024\" height=\"822\" src=\"https:\/\/www.zahnregulierung-klagenfurt.at\/wp-content\/uploads\/2022\/09\/PositiveLachlinie_Zahnspange-1024x822.jpeg\" alt=\"Dr. J\u00f6rg hannesschl\u00e4ger vor Dame mit Gebiss\" class=\"wp-image-4142\" srcset=\"https:\/\/www.zahnregulierung-klagenfurt.at\/wp-content\/uploads\/2022\/09\/PositiveLachlinie_Zahnspange-1024x822.jpeg 1024w, https:\/\/www.zahnregulierung-klagenfurt.at\/wp-content\/uploads\/2022\/09\/PositiveLachlinie_Zahnspange-300x241.jpeg 300w, https:\/\/www.zahnregulierung-klagenfurt.at\/wp-content\/uploads\/2022\/09\/PositiveLachlinie_Zahnspange-768x616.jpeg 768w, https:\/\/www.zahnregulierung-klagenfurt.at\/wp-content\/uploads\/2022\/09\/PositiveLachlinie_Zahnspange-1536x1233.jpeg 1536w, https:\/\/www.zahnregulierung-klagenfurt.at\/wp-content\/uploads\/2022\/09\/PositiveLachlinie_Zahnspange-2048x1644.jpeg 2048w\" sizes=\"(max-width: 1024px) 100vw, 1024px\" \/><\/figure>\n\n\n\n<p>Die Lachlinie beschreibt den Verlauf der sichtbaren Z\u00e4hne beim L\u00e4cheln. Sowohl die Anzahl der sichtbaren Z\u00e4hne als auch die L\u00e4nge der einzelnen Z\u00e4hne hat einen Einfluss auf die <a href=\"https:\/\/www.zahnregulierung-klagenfurt.at\/de\/fachartikel\/positive-lachlinie\/\">Lachlinie<\/a>. Idealerweise folgt sie dem Schwung der Unterlippe. Wenn zu viele oder zu wenige Z\u00e4hne sichtbar sind, wirkt das L\u00e4cheln oft unausgewogen (Lindhe et al., 2015). <\/p>\n\n\n\n<p>Tipp aus der Praxis: <strong>Lassen Sie Ihre Lachlinie beim Zahnarzt analysieren. <\/strong>Bei jeder Zahnregulierung analysieren wir Ihre individuelle Lachlinie mit. Ganz wichtig sind uns dabei die Symmetrie und Proportionen. Durch gezielte Korrekturen l\u00e4sst sich die Wirkung Ihres L\u00e4chelns deutlich verbessern. Dabei k\u00f6nnen auch schon kleine Ver\u00e4nderungen eine gro\u00dfe Wirkung haben. Insbesondere mit einer gut abgestimmten Zahnkorrektur lassen sich die Lage und L\u00e4nge der Z\u00e4hne beeinflussen.<\/p>\n\n\n\n<h3 class=\"wp-block-heading\" id=\"h-3-zahnfarbe-strahlend-weiss-aber-naturlich\">3. Zahnfarbe: Strahlend wei\u00df, aber nat\u00fcrlich<\/h3>\n\n\n\n<p>Wei\u00dfe Z\u00e4hne stehen f\u00fcr Gesundheit und Attraktivit\u00e4t (Kershaw et al., 2008). Doch Kaffee, Tee, Rauchen oder bestimmte Medikamente verf\u00e4rben die Z\u00e4hne oft sichtbar und st\u00f6rend. Deshalb kombinieren viele unserer Patienten eine Zahnspangenbehandlung mit einem professionellen <a href=\"https:\/\/www.zahnregulierung-klagenfurt.at\/de\/leistungen\/bleaching\/\">Bleaching<\/a>. Doch auch hier ist die Beratung durch den Zahnarzt sehr wichtig. Denn f\u00fcr ein nat\u00fcrlich wirkendes sch\u00f6nes L\u00e4cheln muss der Farbton exakt abstimmt werden.<\/p>\n\n\n\n<p>Tipp aus der Praxis: Nicht immer ist \u201eam wei\u00dfesten\u201c die beste Wahl.&nbsp;&nbsp;<\/p>\n\n\n\n<h3 class=\"wp-block-heading\" id=\"h-4-die-lippen-der-naturliche-rahmen-fur-ihr-lacheln\">4. Die Lippen: Der nat\u00fcrliche Rahmen f\u00fcr Ihr L\u00e4cheln<\/h3>\n\n\n\n<p>Symmetrische, gepflegte Lippen unterstreichen die Wirkung sch\u00f6ner Z\u00e4hne. So wie ein Bild mit dem richtigen Rahmen am besten zur Geltung kommt, bilden die Lippen den \u201eRahmen\u201c, der das L\u00e4cheln harmonisch macht.<\/p>\n\n\n\n<p>Tipp aus der Praxis: Pflegen Sie Ihre Lippen regelm\u00e4\u00dfig mit Feuchtigkeit und betonen Sie, wenn gew\u00fcnscht, Ihre nat\u00fcrliche Form. So geben Sie Ihrem L\u00e4cheln den richtigen Rahmen.<\/p>\n\n\n\n<h3 class=\"wp-block-heading\" id=\"h-5-gesundes-zahnfleisch-amp-gesunde-zahne-das-fundament\">5. Gesundes Zahnfleisch &amp; gesunde Z\u00e4hne: Das Fundament<\/h3>\n\n\n\n<p>Gesunde Z\u00e4hne und ein gesundes Zahnfleisch sind die Basis f\u00fcr ein dauerhaft sch\u00f6nes L\u00e4cheln. <strong>Entz\u00fcndetes Zahnfleisch<\/strong>, Belag oder Karies k\u00f6nnen den Gesamteindruck massiv st\u00f6ren und sind oft ein Warnzeichen f\u00fcr ernsthafte Probleme. Sprechen Sie bitte mit Ihrem Zahnarzt dar\u00fcber.<\/p>\n\n\n\n<p>Tipp aus der Praxis<strong>: <\/strong>Regelm\u00e4\u00dfige Kontrolltermine beim Zahnarzt sind ebenso wichtig wie die <a href=\"https:\/\/www.zahnregulierung-klagenfurt.at\/de\/leistungen\/professionelle-mundhygiene\/\">professionelle Mundhygiene<\/a> (Lang &amp; Tonetti, 2003). Dabei erhalten Sie auch wertvolle Tipps, die Sie f\u00fcr eine gute t\u00e4gliche Zahnpflege ben\u00f6tigen. Sollten Sie bereits Zahnsch\u00e4den haben, finden wir in einer individuellen Beratung passende Behandlungsm\u00f6glichkeiten. Wichtig dabei ist eine ausf\u00fchrliche und gr\u00fcndliche Untersuchung.<\/p>\n\n\n\n<p><\/p>\n\n\n\n<h2 class=\"wp-block-heading\" id=\"h-faq-haufige-fragen-verstandlich-erklart\">FAQ: H\u00e4ufige Fragen verst\u00e4ndlich erkl\u00e4rt<\/h2>\n\n\n\n<p>Was ist ein sch\u00f6nes L\u00e4cheln? Ein harmonisches Zusammenspiel von gesunden Z\u00e4hnen, Zahnstellung, Lachlinie, Zahnfarbe und Lippenform. Gerne helfen wir Ihnen dabei, die richtigen Schritte zu finden.<\/p>\n\n\n\n<p>Wie bekomme ich ein sch\u00f6nes L\u00e4cheln? Mit gezielten Zahnbehandlungen und gesunden Z\u00e4hnen. Ob Zahnregulierung, Zahnersatz, <a href=\"https:\/\/www.zahnregulierung-klagenfurt.at\/de\/leistungen\/zahnkronen\/\">Kronen<\/a> oder Veneers: Wichtig ist eine ganzheitliche Analyse aller f\u00fcnf Schl\u00fcsselfaktoren durch den Zahnarzt.<\/p>\n\n\n\n<p>Wie wichtig ist ein sch\u00f6nes L\u00e4cheln? Laut einer Umfrage der American Academy of Cosmetic Dentistry (AACD, 2020) halten 99,7 % der Erwachsenen ein sch\u00f6nes L\u00e4cheln f\u00fcr einen wichtigen sozialen Vorteil.<\/p>\n\n\n\n<p>Wie verbessern Zahnspangen mein L\u00e4cheln? Sie sorgen f\u00fcr <a href=\"https:\/\/www.zahnregulierung-klagenfurt.at\/de\/news\/zahnspange-gegen-fehlbiss\/\">gerade Z\u00e4hne<\/a>, verbessern die Lachlinie und schaffen Symmetrie \u2013 die Basis f\u00fcr ein attraktives L\u00e4cheln.<\/p>\n\n\n\n<h2 class=\"wp-block-heading\" id=\"h-ihr-lacheln-im-mittelpunkt-beratungstermine\">Ihr L\u00e4cheln im Mittelpunkt: Beratungstermine<\/h2>\n\n\n\n<figure class=\"wp-block-video\"><video height=\"1280\" style=\"aspect-ratio: 720 \/ 1280;\" width=\"720\" controls src=\"https:\/\/www.zahnregulierung-klagenfurt.at\/wp-content\/uploads\/2025\/05\/Hannesschlaeger_Praxis_1.mp4\"><\/video><\/figure>\n\n\n\n<p>Wenn Sie Ihr L\u00e4cheln versch\u00f6nern m\u00f6chten, sind wir in unserer Praxis in Klagenfurt gerne f\u00fcr Sie da. Bei einem pers\u00f6nlichen Beratungstermin suchen wir nach einer geeigneten L\u00f6sung f\u00fcr Ihre W\u00fcnsche.<\/p>\n\n\n\n<div class=\"wp-block-buttons is-layout-flex wp-block-buttons-is-layout-flex\">\n<div class=\"wp-block-button\"><a class=\"wp-block-button__link wp-element-button\">Jetzt unverbindliche Beratung vereinbaren<\/a><\/div>\n<\/div>\n\n\n\n<p><br>Erfahren Sie mehr zu unseren Leistungen und entdecken Sie, wie wir Ihr L\u00e4cheln versch\u00f6nern k\u00f6nnen!<\/p>\n\n\n\n<div class=\"wp-block-buttons is-layout-flex wp-block-buttons-is-layout-flex\">\n<div class=\"wp-block-button\"><a class=\"wp-block-button__link wp-element-button\" href=\"\/de\/leistungen\/\">Unsere Leistungen<\/a><\/div>\n<\/div>\n\n\n\n<div style=\"height:100px\" aria-hidden=\"true\" class=\"wp-block-spacer\"><\/div>\n\n\n\n<p><strong>Quellen<\/strong>:<br>Kershaw et al., 2008: &#8222;The influence of tooth colour on the perceptions of personal characteristics&#8220;<\/p>\n\n\n\n<p>Lang &amp; Tonetti, 2003: &#8222;Periodontal risk assessment&#8220;<br>Lindhe et al., 2015: &#8222;Clinical Periodontology and Implant Dentistry&#8220;<\/p>\n\n\n\n<p>American Academy of Cosmetic Dentistry (AACD) Survey, 2020<\/p>\n","protected":false},"excerpt":{"rendered":"<p>Sie w\u00fcnschen sich ein nat\u00fcrlich sch\u00f6nes L\u00e4cheln, das zu Ihnen passt? Mit diesem Traum sind Sie nicht allein. Denn ein strahlendes L\u00e4cheln kann gelegentlich mehr als nur gut aussehen: Oft wird es als T\u00fcr\u00f6ffner, Sympathie-Bonus und Kick f\u00fcr das Selbstbewusstsein empfunden. Kein Wunder also, dass auch viele unserer Patientinnen und Patienten mit dem Wunsch nach [&hellip;]<\/p>\n","protected":false},"author":1,"featured_media":6102,"comment_status":"closed","ping_status":"closed","sticky":false,"template":"","format":"standard","meta":{"footnotes":""},"categories":[28],"tags":[],"class_list":["post-6065","post","type-post","status-publish","format-standard","has-post-thumbnail","hentry","category-fachartikel"],"yoast_head":"<!-- This site is optimized with the Yoast SEO Premium plugin v22.0 (Yoast SEO v27.5) - https:\/\/yoast.com\/product\/yoast-seo-premium-wordpress\/ -->\n<title>Sch\u00f6nes L\u00e4cheln: Darauf kommt es an!<\/title>\n<meta name=\"description\" content=\"Sie w\u00fcnschen sich ein nat\u00fcrlich sch\u00f6nes L\u00e4cheln, das zu Ihnen passt? Wir zeigen Ihnen worauf es ankommt. Jetzt informieren!\" \/>\n<meta name=\"robots\" content=\"index, follow, max-snippet:-1, max-image-preview:large, max-video-preview:-1\" \/>\n<link rel=\"canonical\" href=\"https:\/\/www.zahnregulierung-klagenfurt.at\/de\/fachartikel\/schones-lacheln\/\" \/>\n<meta property=\"og:locale\" content=\"de_DE\" \/>\n<meta property=\"og:type\" content=\"article\" \/>\n<meta property=\"og:title\" content=\"Sch\u00f6nes L\u00e4cheln: Darauf kommt es wirklich an!\" \/>\n<meta property=\"og:description\" content=\"Sie w\u00fcnschen sich ein nat\u00fcrlich sch\u00f6nes L\u00e4cheln, das zu Ihnen passt? Mit diesem Traum sind Sie nicht allein. Denn ein strahlendes L\u00e4cheln kann\" \/>\n<meta property=\"og:url\" content=\"https:\/\/www.zahnregulierung-klagenfurt.at\/de\/fachartikel\/schones-lacheln\/\" \/>\n<meta property=\"og:site_name\" content=\"Dr. J&ouml;rg Hannesschl&auml;ger\" \/>\n<meta property=\"article:publisher\" content=\"https:\/\/www.facebook.com\/ZahnarztDrHannesschlaeger\/\" \/>\n<meta property=\"article:published_time\" content=\"2025-05-02T09:23:52+00:00\" \/>\n<meta property=\"article:modified_time\" content=\"2025-12-11T12:57:30+00:00\" \/>\n<meta property=\"og:image\" content=\"https:\/\/www.zahnregulierung-klagenfurt.at\/wp-content\/uploads\/2025\/05\/streifen2.jpg\" \/>\n\t<meta property=\"og:image:width\" content=\"1440\" \/>\n\t<meta property=\"og:image:height\" content=\"1160\" \/>\n\t<meta property=\"og:image:type\" content=\"image\/jpeg\" \/>\n<meta name=\"author\" content=\"admin\" \/>\n<meta name=\"twitter:card\" content=\"summary_large_image\" \/>\n<meta name=\"twitter:label1\" content=\"Verfasst von\" \/>\n\t<meta name=\"twitter:data1\" content=\"admin\" \/>\n\t<meta name=\"twitter:label2\" content=\"Gesch\u00e4tzte Lesezeit\" \/>\n\t<meta name=\"twitter:data2\" content=\"6\u00a0Minuten\" \/>\n<script type=\"application\/ld+json\" class=\"yoast-schema-graph\">{\"@context\":\"https:\\\/\\\/schema.org\",\"@graph\":[{\"@type\":\"Article\",\"@id\":\"https:\\\/\\\/www.zahnregulierung-klagenfurt.at\\\/de\\\/fachartikel\\\/schones-lacheln\\\/#article\",\"isPartOf\":{\"@id\":\"https:\\\/\\\/www.zahnregulierung-klagenfurt.at\\\/de\\\/fachartikel\\\/schones-lacheln\\\/\"},\"author\":{\"name\":\"admin\",\"@id\":\"https:\\\/\\\/www.zahnregulierung-klagenfurt.at\\\/de\\\/#\\\/schema\\\/person\\\/29307dc2cb1791403dd44459f69a334a\"},\"headline\":\"Sch\u00f6nes L\u00e4cheln: Darauf kommt es wirklich an!\",\"datePublished\":\"2025-05-02T09:23:52+00:00\",\"dateModified\":\"2025-12-11T12:57:30+00:00\",\"mainEntityOfPage\":{\"@id\":\"https:\\\/\\\/www.zahnregulierung-klagenfurt.at\\\/de\\\/fachartikel\\\/schones-lacheln\\\/\"},\"wordCount\":960,\"publisher\":{\"@id\":\"https:\\\/\\\/www.zahnregulierung-klagenfurt.at\\\/de\\\/#organization\"},\"image\":{\"@id\":\"https:\\\/\\\/www.zahnregulierung-klagenfurt.at\\\/de\\\/fachartikel\\\/schones-lacheln\\\/#primaryimage\"},\"thumbnailUrl\":\"https:\\\/\\\/www.zahnregulierung-klagenfurt.at\\\/wp-content\\\/uploads\\\/2025\\\/05\\\/streifen2.jpg\",\"articleSection\":[\"Fachartikel\"],\"inLanguage\":\"de\"},{\"@type\":\"WebPage\",\"@id\":\"https:\\\/\\\/www.zahnregulierung-klagenfurt.at\\\/de\\\/fachartikel\\\/schones-lacheln\\\/\",\"url\":\"https:\\\/\\\/www.zahnregulierung-klagenfurt.at\\\/de\\\/fachartikel\\\/schones-lacheln\\\/\",\"name\":\"Sch\u00f6nes L\u00e4cheln: Darauf kommt es an!\",\"isPartOf\":{\"@id\":\"https:\\\/\\\/www.zahnregulierung-klagenfurt.at\\\/de\\\/#website\"},\"primaryImageOfPage\":{\"@id\":\"https:\\\/\\\/www.zahnregulierung-klagenfurt.at\\\/de\\\/fachartikel\\\/schones-lacheln\\\/#primaryimage\"},\"image\":{\"@id\":\"https:\\\/\\\/www.zahnregulierung-klagenfurt.at\\\/de\\\/fachartikel\\\/schones-lacheln\\\/#primaryimage\"},\"thumbnailUrl\":\"https:\\\/\\\/www.zahnregulierung-klagenfurt.at\\\/wp-content\\\/uploads\\\/2025\\\/05\\\/streifen2.jpg\",\"datePublished\":\"2025-05-02T09:23:52+00:00\",\"dateModified\":\"2025-12-11T12:57:30+00:00\",\"description\":\"Sie w\u00fcnschen sich ein nat\u00fcrlich sch\u00f6nes L\u00e4cheln, das zu Ihnen passt? Wir zeigen Ihnen worauf es ankommt. Jetzt informieren!\",\"breadcrumb\":{\"@id\":\"https:\\\/\\\/www.zahnregulierung-klagenfurt.at\\\/de\\\/fachartikel\\\/schones-lacheln\\\/#breadcrumb\"},\"inLanguage\":\"de\",\"potentialAction\":[{\"@type\":\"ReadAction\",\"target\":[\"https:\\\/\\\/www.zahnregulierung-klagenfurt.at\\\/de\\\/fachartikel\\\/schones-lacheln\\\/\"]}]},{\"@type\":\"ImageObject\",\"inLanguage\":\"de\",\"@id\":\"https:\\\/\\\/www.zahnregulierung-klagenfurt.at\\\/de\\\/fachartikel\\\/schones-lacheln\\\/#primaryimage\",\"url\":\"https:\\\/\\\/www.zahnregulierung-klagenfurt.at\\\/wp-content\\\/uploads\\\/2025\\\/05\\\/streifen2.jpg\",\"contentUrl\":\"https:\\\/\\\/www.zahnregulierung-klagenfurt.at\\\/wp-content\\\/uploads\\\/2025\\\/05\\\/streifen2.jpg\",\"width\":1440,\"height\":1160,\"caption\":\"Sch\u00f6nes L\u00e4cheln. Darauf kommt es an\"},{\"@type\":\"BreadcrumbList\",\"@id\":\"https:\\\/\\\/www.zahnregulierung-klagenfurt.at\\\/de\\\/fachartikel\\\/schones-lacheln\\\/#breadcrumb\",\"itemListElement\":[{\"@type\":\"ListItem\",\"position\":1,\"name\":\"Zahnregulierung Klagenfurt\",\"item\":\"https:\\\/\\\/www.zahnregulierung-klagenfurt.at\\\/de\\\/\"},{\"@type\":\"ListItem\",\"position\":2,\"name\":\"Fachartikel\",\"item\":\"https:\\\/\\\/www.zahnregulierung-klagenfurt.at\\\/de\\\/category\\\/fachartikel\\\/\"},{\"@type\":\"ListItem\",\"position\":3,\"name\":\"Sch\u00f6nes L\u00e4cheln: Darauf kommt es wirklich an!\"}]},{\"@type\":\"WebSite\",\"@id\":\"https:\\\/\\\/www.zahnregulierung-klagenfurt.at\\\/de\\\/#website\",\"url\":\"https:\\\/\\\/www.zahnregulierung-klagenfurt.at\\\/de\\\/\",\"name\":\"Dr. J&ouml;rg Hannesschl&auml;ger\",\"description\":\"\",\"publisher\":{\"@id\":\"https:\\\/\\\/www.zahnregulierung-klagenfurt.at\\\/de\\\/#organization\"},\"potentialAction\":[{\"@type\":\"SearchAction\",\"target\":{\"@type\":\"EntryPoint\",\"urlTemplate\":\"https:\\\/\\\/www.zahnregulierung-klagenfurt.at\\\/de\\\/?s={search_term_string}\"},\"query-input\":{\"@type\":\"PropertyValueSpecification\",\"valueRequired\":true,\"valueName\":\"search_term_string\"}}],\"inLanguage\":\"de\"},{\"@type\":\"Organization\",\"@id\":\"https:\\\/\\\/www.zahnregulierung-klagenfurt.at\\\/de\\\/#organization\",\"name\":\"Zahnarztpraxis Dr. J\u00f6rg Hannesschl\u00e4ger\",\"url\":\"https:\\\/\\\/www.zahnregulierung-klagenfurt.at\\\/de\\\/\",\"logo\":{\"@type\":\"ImageObject\",\"inLanguage\":\"de\",\"@id\":\"https:\\\/\\\/www.zahnregulierung-klagenfurt.at\\\/de\\\/#\\\/schema\\\/logo\\\/image\\\/\",\"url\":\"https:\\\/\\\/www.zahnregulierung-klagenfurt.at\\\/wp-content\\\/uploads\\\/2020\\\/01\\\/favicon-1.png\",\"contentUrl\":\"https:\\\/\\\/www.zahnregulierung-klagenfurt.at\\\/wp-content\\\/uploads\\\/2020\\\/01\\\/favicon-1.png\",\"width\":512,\"height\":512,\"caption\":\"Zahnarztpraxis Dr. J\u00f6rg Hannesschl\u00e4ger\"},\"image\":{\"@id\":\"https:\\\/\\\/www.zahnregulierung-klagenfurt.at\\\/de\\\/#\\\/schema\\\/logo\\\/image\\\/\"},\"sameAs\":[\"https:\\\/\\\/www.facebook.com\\\/ZahnarztDrHannesschlaeger\\\/\",\"https:\\\/\\\/www.instagram.com\\\/zahnarztpraxis_lendhafen\\\/\",\"https:\\\/\\\/www.youtube.com\\\/channel\\\/UCY8wT4RYM_OJDcXanarV9Ag\",\"https:\\\/\\\/www.pinterest.at\\\/PraxisLendhafen\\\/\",\"https:\\\/\\\/www.tiktok.com\\\/@zahnarztpraxis_lendhafen\"]},{\"@type\":\"Person\",\"@id\":\"https:\\\/\\\/www.zahnregulierung-klagenfurt.at\\\/de\\\/#\\\/schema\\\/person\\\/29307dc2cb1791403dd44459f69a334a\",\"name\":\"admin\",\"image\":{\"@type\":\"ImageObject\",\"inLanguage\":\"de\",\"@id\":\"https:\\\/\\\/secure.gravatar.com\\\/avatar\\\/7fb0b3baba107582a6c9ac220f3c1e8e7359ef26e8e8bdd6537e5450f7c78d6f?s=96&d=mm&r=g\",\"url\":\"https:\\\/\\\/secure.gravatar.com\\\/avatar\\\/7fb0b3baba107582a6c9ac220f3c1e8e7359ef26e8e8bdd6537e5450f7c78d6f?s=96&d=mm&r=g\",\"contentUrl\":\"https:\\\/\\\/secure.gravatar.com\\\/avatar\\\/7fb0b3baba107582a6c9ac220f3c1e8e7359ef26e8e8bdd6537e5450f7c78d6f?s=96&d=mm&r=g\",\"caption\":\"admin\"},\"url\":\"https:\\\/\\\/www.zahnregulierung-klagenfurt.at\\\/de\\\/author\\\/admin\\\/\"}]}<\/script>\n<!-- \/ Yoast SEO Premium plugin. -->","yoast_head_json":{"title":"Sch\u00f6nes L\u00e4cheln: Darauf kommt es an!","description":"Sie w\u00fcnschen sich ein nat\u00fcrlich sch\u00f6nes L\u00e4cheln, das zu Ihnen passt? Wir zeigen Ihnen worauf es ankommt. Jetzt informieren!","robots":{"index":"index","follow":"follow","max-snippet":"max-snippet:-1","max-image-preview":"max-image-preview:large","max-video-preview":"max-video-preview:-1"},"canonical":"https:\/\/www.zahnregulierung-klagenfurt.at\/de\/fachartikel\/schones-lacheln\/","og_locale":"de_DE","og_type":"article","og_title":"Sch\u00f6nes L\u00e4cheln: Darauf kommt es wirklich an!","og_description":"Sie w\u00fcnschen sich ein nat\u00fcrlich sch\u00f6nes L\u00e4cheln, das zu Ihnen passt? Mit diesem Traum sind Sie nicht allein. Denn ein strahlendes L\u00e4cheln kann","og_url":"https:\/\/www.zahnregulierung-klagenfurt.at\/de\/fachartikel\/schones-lacheln\/","og_site_name":"Dr. J&ouml;rg Hannesschl&auml;ger","article_publisher":"https:\/\/www.facebook.com\/ZahnarztDrHannesschlaeger\/","article_published_time":"2025-05-02T09:23:52+00:00","article_modified_time":"2025-12-11T12:57:30+00:00","og_image":[{"width":1440,"height":1160,"url":"https:\/\/www.zahnregulierung-klagenfurt.at\/wp-content\/uploads\/2025\/05\/streifen2.jpg","type":"image\/jpeg"}],"author":"admin","twitter_card":"summary_large_image","twitter_misc":{"Verfasst von":"admin","Gesch\u00e4tzte Lesezeit":"6\u00a0Minuten"},"schema":{"@context":"https:\/\/schema.org","@graph":[{"@type":"Article","@id":"https:\/\/www.zahnregulierung-klagenfurt.at\/de\/fachartikel\/schones-lacheln\/#article","isPartOf":{"@id":"https:\/\/www.zahnregulierung-klagenfurt.at\/de\/fachartikel\/schones-lacheln\/"},"author":{"name":"admin","@id":"https:\/\/www.zahnregulierung-klagenfurt.at\/de\/#\/schema\/person\/29307dc2cb1791403dd44459f69a334a"},"headline":"Sch\u00f6nes L\u00e4cheln: Darauf kommt es wirklich an!","datePublished":"2025-05-02T09:23:52+00:00","dateModified":"2025-12-11T12:57:30+00:00","mainEntityOfPage":{"@id":"https:\/\/www.zahnregulierung-klagenfurt.at\/de\/fachartikel\/schones-lacheln\/"},"wordCount":960,"publisher":{"@id":"https:\/\/www.zahnregulierung-klagenfurt.at\/de\/#organization"},"image":{"@id":"https:\/\/www.zahnregulierung-klagenfurt.at\/de\/fachartikel\/schones-lacheln\/#primaryimage"},"thumbnailUrl":"https:\/\/www.zahnregulierung-klagenfurt.at\/wp-content\/uploads\/2025\/05\/streifen2.jpg","articleSection":["Fachartikel"],"inLanguage":"de"},{"@type":"WebPage","@id":"https:\/\/www.zahnregulierung-klagenfurt.at\/de\/fachartikel\/schones-lacheln\/","url":"https:\/\/www.zahnregulierung-klagenfurt.at\/de\/fachartikel\/schones-lacheln\/","name":"Sch\u00f6nes L\u00e4cheln: Darauf kommt es an!","isPartOf":{"@id":"https:\/\/www.zahnregulierung-klagenfurt.at\/de\/#website"},"primaryImageOfPage":{"@id":"https:\/\/www.zahnregulierung-klagenfurt.at\/de\/fachartikel\/schones-lacheln\/#primaryimage"},"image":{"@id":"https:\/\/www.zahnregulierung-klagenfurt.at\/de\/fachartikel\/schones-lacheln\/#primaryimage"},"thumbnailUrl":"https:\/\/www.zahnregulierung-klagenfurt.at\/wp-content\/uploads\/2025\/05\/streifen2.jpg","datePublished":"2025-05-02T09:23:52+00:00","dateModified":"2025-12-11T12:57:30+00:00","description":"Sie w\u00fcnschen sich ein nat\u00fcrlich sch\u00f6nes L\u00e4cheln, das zu Ihnen passt? Wir zeigen Ihnen worauf es ankommt. Jetzt informieren!","breadcrumb":{"@id":"https:\/\/www.zahnregulierung-klagenfurt.at\/de\/fachartikel\/schones-lacheln\/#breadcrumb"},"inLanguage":"de","potentialAction":[{"@type":"ReadAction","target":["https:\/\/www.zahnregulierung-klagenfurt.at\/de\/fachartikel\/schones-lacheln\/"]}]},{"@type":"ImageObject","inLanguage":"de","@id":"https:\/\/www.zahnregulierung-klagenfurt.at\/de\/fachartikel\/schones-lacheln\/#primaryimage","url":"https:\/\/www.zahnregulierung-klagenfurt.at\/wp-content\/uploads\/2025\/05\/streifen2.jpg","contentUrl":"https:\/\/www.zahnregulierung-klagenfurt.at\/wp-content\/uploads\/2025\/05\/streifen2.jpg","width":1440,"height":1160,"caption":"Sch\u00f6nes L\u00e4cheln. Darauf kommt es an"},{"@type":"BreadcrumbList","@id":"https:\/\/www.zahnregulierung-klagenfurt.at\/de\/fachartikel\/schones-lacheln\/#breadcrumb","itemListElement":[{"@type":"ListItem","position":1,"name":"Zahnregulierung Klagenfurt","item":"https:\/\/www.zahnregulierung-klagenfurt.at\/de\/"},{"@type":"ListItem","position":2,"name":"Fachartikel","item":"https:\/\/www.zahnregulierung-klagenfurt.at\/de\/category\/fachartikel\/"},{"@type":"ListItem","position":3,"name":"Sch\u00f6nes L\u00e4cheln: Darauf kommt es wirklich an!"}]},{"@type":"WebSite","@id":"https:\/\/www.zahnregulierung-klagenfurt.at\/de\/#website","url":"https:\/\/www.zahnregulierung-klagenfurt.at\/de\/","name":"Dr. J&ouml;rg Hannesschl&auml;ger","description":"","publisher":{"@id":"https:\/\/www.zahnregulierung-klagenfurt.at\/de\/#organization"},"potentialAction":[{"@type":"SearchAction","target":{"@type":"EntryPoint","urlTemplate":"https:\/\/www.zahnregulierung-klagenfurt.at\/de\/?s={search_term_string}"},"query-input":{"@type":"PropertyValueSpecification","valueRequired":true,"valueName":"search_term_string"}}],"inLanguage":"de"},{"@type":"Organization","@id":"https:\/\/www.zahnregulierung-klagenfurt.at\/de\/#organization","name":"Zahnarztpraxis Dr. J\u00f6rg Hannesschl\u00e4ger","url":"https:\/\/www.zahnregulierung-klagenfurt.at\/de\/","logo":{"@type":"ImageObject","inLanguage":"de","@id":"https:\/\/www.zahnregulierung-klagenfurt.at\/de\/#\/schema\/logo\/image\/","url":"https:\/\/www.zahnregulierung-klagenfurt.at\/wp-content\/uploads\/2020\/01\/favicon-1.png","contentUrl":"https:\/\/www.zahnregulierung-klagenfurt.at\/wp-content\/uploads\/2020\/01\/favicon-1.png","width":512,"height":512,"caption":"Zahnarztpraxis Dr. J\u00f6rg Hannesschl\u00e4ger"},"image":{"@id":"https:\/\/www.zahnregulierung-klagenfurt.at\/de\/#\/schema\/logo\/image\/"},"sameAs":["https:\/\/www.facebook.com\/ZahnarztDrHannesschlaeger\/","https:\/\/www.instagram.com\/zahnarztpraxis_lendhafen\/","https:\/\/www.youtube.com\/channel\/UCY8wT4RYM_OJDcXanarV9Ag","https:\/\/www.pinterest.at\/PraxisLendhafen\/","https:\/\/www.tiktok.com\/@zahnarztpraxis_lendhafen"]},{"@type":"Person","@id":"https:\/\/www.zahnregulierung-klagenfurt.at\/de\/#\/schema\/person\/29307dc2cb1791403dd44459f69a334a","name":"admin","image":{"@type":"ImageObject","inLanguage":"de","@id":"https:\/\/secure.gravatar.com\/avatar\/7fb0b3baba107582a6c9ac220f3c1e8e7359ef26e8e8bdd6537e5450f7c78d6f?s=96&d=mm&r=g","url":"https:\/\/secure.gravatar.com\/avatar\/7fb0b3baba107582a6c9ac220f3c1e8e7359ef26e8e8bdd6537e5450f7c78d6f?s=96&d=mm&r=g","contentUrl":"https:\/\/secure.gravatar.com\/avatar\/7fb0b3baba107582a6c9ac220f3c1e8e7359ef26e8e8bdd6537e5450f7c78d6f?s=96&d=mm&r=g","caption":"admin"},"url":"https:\/\/www.zahnregulierung-klagenfurt.at\/de\/author\/admin\/"}]}},"_links":{"self":[{"href":"https:\/\/www.zahnregulierung-klagenfurt.at\/de\/wp-json\/wp\/v2\/posts\/6065","targetHints":{"allow":["GET"]}}],"collection":[{"href":"https:\/\/www.zahnregulierung-klagenfurt.at\/de\/wp-json\/wp\/v2\/posts"}],"about":[{"href":"https:\/\/www.zahnregulierung-klagenfurt.at\/de\/wp-json\/wp\/v2\/types\/post"}],"author":[{"embeddable":true,"href":"https:\/\/www.zahnregulierung-klagenfurt.at\/de\/wp-json\/wp\/v2\/users\/1"}],"replies":[{"embeddable":true,"href":"https:\/\/www.zahnregulierung-klagenfurt.at\/de\/wp-json\/wp\/v2\/comments?post=6065"}],"version-history":[{"count":23,"href":"https:\/\/www.zahnregulierung-klagenfurt.at\/de\/wp-json\/wp\/v2\/posts\/6065\/revisions"}],"predecessor-version":[{"id":6261,"href":"https:\/\/www.zahnregulierung-klagenfurt.at\/de\/wp-json\/wp\/v2\/posts\/6065\/revisions\/6261"}],"wp:featuredmedia":[{"embeddable":true,"href":"https:\/\/www.zahnregulierung-klagenfurt.at\/de\/wp-json\/wp\/v2\/media\/6102"}],"wp:attachment":[{"href":"https:\/\/www.zahnregulierung-klagenfurt.at\/de\/wp-json\/wp\/v2\/media?parent=6065"}],"wp:term":[{"taxonomy":"category","embeddable":true,"href":"https:\/\/www.zahnregulierung-klagenfurt.at\/de\/wp-json\/wp\/v2\/categories?post=6065"},{"taxonomy":"post_tag","embeddable":true,"href":"https:\/\/www.zahnregulierung-klagenfurt.at\/de\/wp-json\/wp\/v2\/tags?post=6065"}],"curies":[{"name":"wp","href":"https:\/\/api.w.org\/{rel}","templated":true}]}}