{"id":4137,"date":"2022-09-27T16:02:19","date_gmt":"2022-09-27T16:02:19","guid":{"rendered":"https:\/\/www.zahnregulierung-klagenfurt.at\/?p=4137"},"modified":"2025-05-07T07:34:20","modified_gmt":"2025-05-07T07:34:20","slug":"positive-lachlinie","status":"publish","type":"post","link":"https:\/\/www.zahnregulierung-klagenfurt.at\/de\/fachartikel\/positive-lachlinie\/","title":{"rendered":"Positive Lachlinie"},"content":{"rendered":"\n<p>Ein <a href=\"https:\/\/www.zahnregulierung-klagenfurt.at\/de\/fachartikel\/schones-lacheln\/\">sch\u00f6nes L\u00e4cheln<\/a> macht Menschen sympathisch. Und doch gibt es ganz bestimmte Kriterien, die bestimmen, wann wir ein L\u00e4cheln als besonders sch\u00f6n empfinden. Dabei spielt die positive Lachlinie eine wichtige Rolle. In diesem Beitrag erkl\u00e4ren wir:<\/p>\n\n\n\n<ul class=\"wp-block-list\">\n<li>Was ein L\u00e4cheln sympathisch macht.<\/li>\n\n\n\n<li>Warum die positive Lachlinie f\u00fcr das L\u00e4cheln wichtig ist.<\/li>\n\n\n\n<li>Woran man sie erkennt.<\/li>\n\n\n\n<li>Wie wir diese bei der Planung der Zahnkorrektur ber\u00fccksichtigen. <\/li>\n\n\n\n<li>Warum die kaum sichtbare Zahnspange dabei helfen kann, das L\u00e4cheln seiner Tr\u00e4ume zu bekommen.<\/li>\n<\/ul>\n\n\n\n<h2 class=\"wp-block-heading\" id=\"h-sympathisch-lacheln\">Sympathisch L\u00e4cheln<\/h2>\n\n\n\n<p>Kommunikation findet nicht nur verbal, sondern auch nonverbal statt. Menschen, die oft l\u00e4cheln, wirken sympathischer und attraktiver (Vgl. <a href=\"https:\/\/www.businessinsider.de\/leben\/eigenschaften-zeichnen-extrem-sympathische-menschen-aus-sympathie-emotionale-intelligenz\/#:~:text=Das%20L%C3%A4cheln,euer%20Gegen%C3%BCber%20wird%20es%20erwidern.\" target=\"_blank\" rel=\"noreferrer noopener\">Businessinsider<\/a>). Denn ein ehrliches L\u00e4cheln unterst\u00fctzt eine positive K\u00f6rpersprache. Dabei ist es aber wichtig, dass das L\u00e4cheln nicht aufgesetzt oder \u00fcbertrieben wirkt, sondern von Herzen kommt (Vgl. <a href=\"https:\/\/www.sciencedirect.com\/science\/article\/abs\/pii\/S0092656620301331?via%3Dihub\" target=\"_blank\" rel=\"noreferrer noopener\">Journal of Research in Personality<\/a>). Doch ein attraktives Auftreten hat noch weitere Auswirkungen. Denn dieses tr\u00e4gt wesentlich dazu bei, wie wir von anderen Menschen eingesch\u00e4tzt werden (Vgl. <a href=\"https:\/\/www.zwp-online.info\/fachgebiete\/cosmetic-dentistry\/aesthetik\/look-good-feel-good-interdisziplinaere-zusammenarbeit-fuer-ein-perfektes-laecheln\" target=\"_blank\" rel=\"noreferrer noopener\">ZWP<\/a>).<\/p>\n\n\n\n<h2 class=\"wp-block-heading\" id=\"h-was-bedeutet-der-begriff-positive-lachlinie\">Was Bedeutet der Begriff \u201ePositive Lachlinie\u201c?<\/h2>\n\n\n\n<p>Z\u00e4hne spielen eine wichtige Rolle dabei, ob wir jemanden als attraktiv einsch\u00e4tzen oder nicht (<a href=\"https:\/\/www.zwp-online.info\/fachgebiete\/cosmetic-dentistry\/aesthetik\/look-good-feel-good-interdisziplinaere-zusammenarbeit-fuer-ein-perfektes-laecheln\" target=\"_blank\" rel=\"noreferrer noopener\">ZWP<\/a>). Viele Patienten kommen mit dem Wunsch nach wei\u00dfen Z\u00e4hnen in unsere Zahnarztpraxis. Mit einem schonendem <a href=\"https:\/\/www.zahnregulierung-klagenfurt.at\/de\/leistungen\/bleaching\/\">Bleaching<\/a> k\u00f6nnen wir ihnen dabei einfach und schnell helfen. Neben gesunden und wei\u00dfen Z\u00e4hnen hat jedoch auch die Symmetrie der Z\u00e4hne und Lippen einen gro\u00dfen Einfluss auf die Attraktivit\u00e4t des L\u00e4chelns. Die positive Lachlinie gilt dabei als ein wichtiger Faktor. Unter der Lachlinie verstehen wir die Z\u00e4hne, die beim Lachen sichtbar sind (ZT Anja Fechner). Normalerweise sind das die sechs Z\u00e4hne im Oberkiefer, die zwischen den Eckz\u00e4hnen liegen. Diese harmonisieren idealerweise mit den Lippen. Eine positive Lachlinie entsteht dann, wenn die obere Zahnreihe dem Schwung der Unterlippe folgt und nach hinten aufsteigt. Auch die L\u00e4nge der Eckz\u00e4hne ist dabei wichtig. <\/p>\n\n\n\n<p>Mit der modernen Zahnmedizin k\u00f6nnen wir heutzutage schon mit kleinen Ver\u00e4nderungen eine gro\u00dfe Wirkung bei Ihrer Lachlinie erzeugen. Insbesondere mit einer gut abgestimmten Zahnkorrektur k\u00f6nnen wir die Lage und L\u00e4nge der Z\u00e4hne beeinflussen.<\/p>\n\n\n\n<h2 class=\"wp-block-heading\">Mit der Zahnspange zur positiven Lachlinie<\/h2>\n\n\n\n<p>In unserer Zahnarztpraxis im Herzen von Klagenfurt arbeiten wir mit der <a href=\"https:\/\/www.zahnregulierung-klagenfurt.at\/de\/leistungen\/unsichtbare-zahnspange\/\">kaum sichtbaren Zahnspange<\/a>, um Z\u00e4hne zu korrigieren. Dabei erhalten unsere Patienten transparente Schienen, die sie w\u00f6chentlich wechseln. Diese helfen uns dabei, Z\u00e4hne und Zahnfehlstellungen zu korrigieren. In der Planung der Zahnkorrektur beziehen wir auch die positive Lachlinie ein. Dabei verwenden wir ein 3D-Planungstool, mit dem wir die einzelnen Zahnbewegungen schon vorab am Computer simulieren k\u00f6nnen. Denn mit der Zahnspange m\u00f6chten wir nicht nur gerade Z\u00e4hne und den richtigen Biss erreichen, sondern gr\u00f6\u00dftm\u00f6gliche Symmetrie erzielen. <\/p>\n\n\n\n<p>Auch f\u00fcr unsere Patienten l\u00e4sst sich diese Ver\u00e4nderung schon vor dem Start der eigentlichen Behandlung fotorealistisch zeigen. Mit einer App werden dabei die geplanten optischen Zahnver\u00e4nderungen gezeigt. So sehen die Patienten, wie ihr neues L\u00e4cheln voraussichtlich aussehen k\u00f6nnte. Gerne k\u00f6nnen auch Sie sich bei uns informieren und einen unverbindlichen <a href=\"https:\/\/www.zahnregulierung-klagenfurt.at\/de\/kontakt\/\">Beratungstermin<\/a> vereinbaren.<\/p>\n","protected":false},"excerpt":{"rendered":"<p>Ein sch\u00f6nes L\u00e4cheln macht Menschen sympathisch. Und doch gibt es ganz bestimmte Kriterien, die bestimmen, wann wir ein L\u00e4cheln als besonders sch\u00f6n empfinden. Dabei spielt die positive Lachlinie eine wichtige Rolle. In diesem Beitrag erkl\u00e4ren wir: Sympathisch L\u00e4cheln Kommunikation findet nicht nur verbal, sondern auch nonverbal statt. Menschen, die oft l\u00e4cheln, wirken sympathischer und attraktiver [&hellip;]<\/p>\n","protected":false},"author":2,"featured_media":4142,"comment_status":"closed","ping_status":"closed","sticky":false,"template":"","format":"standard","meta":{"footnotes":""},"categories":[28],"tags":[],"class_list":["post-4137","post","type-post","status-publish","format-standard","has-post-thumbnail","hentry","category-fachartikel"],"yoast_head":"<!-- This site is optimized with the Yoast SEO Premium plugin v22.0 (Yoast SEO v27.4) - https:\/\/yoast.com\/product\/yoast-seo-premium-wordpress\/ -->\n<title>Positive Lachlinie mit Planungstool: Wir zeigen wie!<\/title>\n<meta name=\"description\" content=\"Bestimmte Kriterien bestimmen, wann wir ein L\u00e4cheln als besonders sch\u00f6n empfinden. Dabei spielt die positive Lachlinie eine wichtige Rolle.\" \/>\n<meta name=\"robots\" content=\"index, follow, max-snippet:-1, max-image-preview:large, max-video-preview:-1\" \/>\n<link rel=\"canonical\" href=\"https:\/\/www.zahnregulierung-klagenfurt.at\/de\/fachartikel\/positive-lachlinie\/\" \/>\n<meta property=\"og:locale\" content=\"de_DE\" \/>\n<meta property=\"og:type\" content=\"article\" \/>\n<meta property=\"og:title\" content=\"Positive Lachlinie\" \/>\n<meta property=\"og:description\" content=\"Ein sch\u00f6nes L\u00e4cheln macht Menschen sympathisch. Und doch gibt es ganz bestimmte Kriterien, die bestimmen, wann wir ein L\u00e4cheln als besonders sch\u00f6n\" \/>\n<meta property=\"og:url\" content=\"https:\/\/www.zahnregulierung-klagenfurt.at\/de\/fachartikel\/positive-lachlinie\/\" \/>\n<meta property=\"og:site_name\" content=\"Dr. J&ouml;rg Hannesschl&auml;ger\" \/>\n<meta property=\"article:publisher\" content=\"https:\/\/www.facebook.com\/ZahnarztDrHannesschlaeger\/\" \/>\n<meta property=\"article:published_time\" content=\"2022-09-27T16:02:19+00:00\" \/>\n<meta property=\"article:modified_time\" content=\"2025-05-07T07:34:20+00:00\" \/>\n<meta property=\"og:image\" content=\"https:\/\/www.zahnregulierung-klagenfurt.at\/wp-content\/uploads\/2022\/09\/PositiveLachlinie_Zahnspange-scaled.jpeg\" \/>\n\t<meta property=\"og:image:width\" content=\"2560\" \/>\n\t<meta property=\"og:image:height\" content=\"2055\" \/>\n\t<meta property=\"og:image:type\" content=\"image\/jpeg\" \/>\n<meta name=\"author\" content=\"Tanja Rattenegger\" \/>\n<meta name=\"twitter:card\" content=\"summary_large_image\" \/>\n<meta name=\"twitter:label1\" content=\"Verfasst von\" \/>\n\t<meta name=\"twitter:data1\" content=\"Tanja Rattenegger\" \/>\n\t<meta name=\"twitter:label2\" content=\"Gesch\u00e4tzte Lesezeit\" \/>\n\t<meta name=\"twitter:data2\" content=\"3\u00a0Minuten\" \/>\n<script type=\"application\/ld+json\" class=\"yoast-schema-graph\">{\"@context\":\"https:\\\/\\\/schema.org\",\"@graph\":[{\"@type\":\"Article\",\"@id\":\"https:\\\/\\\/www.zahnregulierung-klagenfurt.at\\\/de\\\/fachartikel\\\/positive-lachlinie\\\/#article\",\"isPartOf\":{\"@id\":\"https:\\\/\\\/www.zahnregulierung-klagenfurt.at\\\/de\\\/fachartikel\\\/positive-lachlinie\\\/\"},\"author\":{\"name\":\"Tanja Rattenegger\",\"@id\":\"https:\\\/\\\/www.zahnregulierung-klagenfurt.at\\\/de\\\/#\\\/schema\\\/person\\\/7759d8306241d70cca57286ee81d8616\"},\"headline\":\"Positive Lachlinie\",\"datePublished\":\"2022-09-27T16:02:19+00:00\",\"dateModified\":\"2025-05-07T07:34:20+00:00\",\"mainEntityOfPage\":{\"@id\":\"https:\\\/\\\/www.zahnregulierung-klagenfurt.at\\\/de\\\/fachartikel\\\/positive-lachlinie\\\/\"},\"wordCount\":521,\"publisher\":{\"@id\":\"https:\\\/\\\/www.zahnregulierung-klagenfurt.at\\\/de\\\/#organization\"},\"image\":{\"@id\":\"https:\\\/\\\/www.zahnregulierung-klagenfurt.at\\\/de\\\/fachartikel\\\/positive-lachlinie\\\/#primaryimage\"},\"thumbnailUrl\":\"https:\\\/\\\/www.zahnregulierung-klagenfurt.at\\\/wp-content\\\/uploads\\\/2022\\\/09\\\/PositiveLachlinie_Zahnspange-scaled.jpeg\",\"articleSection\":[\"Fachartikel\"],\"inLanguage\":\"de\"},{\"@type\":\"WebPage\",\"@id\":\"https:\\\/\\\/www.zahnregulierung-klagenfurt.at\\\/de\\\/fachartikel\\\/positive-lachlinie\\\/\",\"url\":\"https:\\\/\\\/www.zahnregulierung-klagenfurt.at\\\/de\\\/fachartikel\\\/positive-lachlinie\\\/\",\"name\":\"Positive Lachlinie mit Planungstool: Wir zeigen wie!\",\"isPartOf\":{\"@id\":\"https:\\\/\\\/www.zahnregulierung-klagenfurt.at\\\/de\\\/#website\"},\"primaryImageOfPage\":{\"@id\":\"https:\\\/\\\/www.zahnregulierung-klagenfurt.at\\\/de\\\/fachartikel\\\/positive-lachlinie\\\/#primaryimage\"},\"image\":{\"@id\":\"https:\\\/\\\/www.zahnregulierung-klagenfurt.at\\\/de\\\/fachartikel\\\/positive-lachlinie\\\/#primaryimage\"},\"thumbnailUrl\":\"https:\\\/\\\/www.zahnregulierung-klagenfurt.at\\\/wp-content\\\/uploads\\\/2022\\\/09\\\/PositiveLachlinie_Zahnspange-scaled.jpeg\",\"datePublished\":\"2022-09-27T16:02:19+00:00\",\"dateModified\":\"2025-05-07T07:34:20+00:00\",\"description\":\"Bestimmte Kriterien bestimmen, wann wir ein L\u00e4cheln als besonders sch\u00f6n empfinden. Dabei spielt die positive Lachlinie eine wichtige Rolle.\",\"breadcrumb\":{\"@id\":\"https:\\\/\\\/www.zahnregulierung-klagenfurt.at\\\/de\\\/fachartikel\\\/positive-lachlinie\\\/#breadcrumb\"},\"inLanguage\":\"de\",\"potentialAction\":[{\"@type\":\"ReadAction\",\"target\":[\"https:\\\/\\\/www.zahnregulierung-klagenfurt.at\\\/de\\\/fachartikel\\\/positive-lachlinie\\\/\"]}]},{\"@type\":\"ImageObject\",\"inLanguage\":\"de\",\"@id\":\"https:\\\/\\\/www.zahnregulierung-klagenfurt.at\\\/de\\\/fachartikel\\\/positive-lachlinie\\\/#primaryimage\",\"url\":\"https:\\\/\\\/www.zahnregulierung-klagenfurt.at\\\/wp-content\\\/uploads\\\/2022\\\/09\\\/PositiveLachlinie_Zahnspange-scaled.jpeg\",\"contentUrl\":\"https:\\\/\\\/www.zahnregulierung-klagenfurt.at\\\/wp-content\\\/uploads\\\/2022\\\/09\\\/PositiveLachlinie_Zahnspange-scaled.jpeg\",\"width\":2560,\"height\":2055,\"caption\":\"Was ein L\u00e4cheln sympathisch macht? Dr. J\u00f6rg Hannesschl\u00e4ger kennt die Antwort!\"},{\"@type\":\"BreadcrumbList\",\"@id\":\"https:\\\/\\\/www.zahnregulierung-klagenfurt.at\\\/de\\\/fachartikel\\\/positive-lachlinie\\\/#breadcrumb\",\"itemListElement\":[{\"@type\":\"ListItem\",\"position\":1,\"name\":\"Zahnregulierung Klagenfurt\",\"item\":\"https:\\\/\\\/www.zahnregulierung-klagenfurt.at\\\/de\\\/\"},{\"@type\":\"ListItem\",\"position\":2,\"name\":\"Fachartikel\",\"item\":\"https:\\\/\\\/www.zahnregulierung-klagenfurt.at\\\/de\\\/category\\\/fachartikel\\\/\"},{\"@type\":\"ListItem\",\"position\":3,\"name\":\"Positive Lachlinie\"}]},{\"@type\":\"WebSite\",\"@id\":\"https:\\\/\\\/www.zahnregulierung-klagenfurt.at\\\/de\\\/#website\",\"url\":\"https:\\\/\\\/www.zahnregulierung-klagenfurt.at\\\/de\\\/\",\"name\":\"Dr. J&ouml;rg Hannesschl&auml;ger\",\"description\":\"\",\"publisher\":{\"@id\":\"https:\\\/\\\/www.zahnregulierung-klagenfurt.at\\\/de\\\/#organization\"},\"potentialAction\":[{\"@type\":\"SearchAction\",\"target\":{\"@type\":\"EntryPoint\",\"urlTemplate\":\"https:\\\/\\\/www.zahnregulierung-klagenfurt.at\\\/de\\\/?s={search_term_string}\"},\"query-input\":{\"@type\":\"PropertyValueSpecification\",\"valueRequired\":true,\"valueName\":\"search_term_string\"}}],\"inLanguage\":\"de\"},{\"@type\":\"Organization\",\"@id\":\"https:\\\/\\\/www.zahnregulierung-klagenfurt.at\\\/de\\\/#organization\",\"name\":\"Zahnarztpraxis Dr. J\u00f6rg Hannesschl\u00e4ger\",\"url\":\"https:\\\/\\\/www.zahnregulierung-klagenfurt.at\\\/de\\\/\",\"logo\":{\"@type\":\"ImageObject\",\"inLanguage\":\"de\",\"@id\":\"https:\\\/\\\/www.zahnregulierung-klagenfurt.at\\\/de\\\/#\\\/schema\\\/logo\\\/image\\\/\",\"url\":\"https:\\\/\\\/www.zahnregulierung-klagenfurt.at\\\/wp-content\\\/uploads\\\/2020\\\/01\\\/favicon-1.png\",\"contentUrl\":\"https:\\\/\\\/www.zahnregulierung-klagenfurt.at\\\/wp-content\\\/uploads\\\/2020\\\/01\\\/favicon-1.png\",\"width\":512,\"height\":512,\"caption\":\"Zahnarztpraxis Dr. J\u00f6rg Hannesschl\u00e4ger\"},\"image\":{\"@id\":\"https:\\\/\\\/www.zahnregulierung-klagenfurt.at\\\/de\\\/#\\\/schema\\\/logo\\\/image\\\/\"},\"sameAs\":[\"https:\\\/\\\/www.facebook.com\\\/ZahnarztDrHannesschlaeger\\\/\",\"https:\\\/\\\/www.instagram.com\\\/zahnarztpraxis_lendhafen\\\/\",\"https:\\\/\\\/www.youtube.com\\\/channel\\\/UCY8wT4RYM_OJDcXanarV9Ag\",\"https:\\\/\\\/www.pinterest.at\\\/PraxisLendhafen\\\/\",\"https:\\\/\\\/www.tiktok.com\\\/@zahnarztpraxis_lendhafen\"]},{\"@type\":\"Person\",\"@id\":\"https:\\\/\\\/www.zahnregulierung-klagenfurt.at\\\/de\\\/#\\\/schema\\\/person\\\/7759d8306241d70cca57286ee81d8616\",\"name\":\"Tanja Rattenegger\",\"image\":{\"@type\":\"ImageObject\",\"inLanguage\":\"de\",\"@id\":\"https:\\\/\\\/secure.gravatar.com\\\/avatar\\\/765e324145c2f023c9c8553e92ce0e80215225091c48c92dab48434e8404d347?s=96&d=mm&r=g\",\"url\":\"https:\\\/\\\/secure.gravatar.com\\\/avatar\\\/765e324145c2f023c9c8553e92ce0e80215225091c48c92dab48434e8404d347?s=96&d=mm&r=g\",\"contentUrl\":\"https:\\\/\\\/secure.gravatar.com\\\/avatar\\\/765e324145c2f023c9c8553e92ce0e80215225091c48c92dab48434e8404d347?s=96&d=mm&r=g\",\"caption\":\"Tanja Rattenegger\"},\"url\":\"https:\\\/\\\/www.zahnregulierung-klagenfurt.at\\\/de\\\/author\\\/tanja\\\/\"}]}<\/script>\n<!-- \/ Yoast SEO Premium plugin. -->","yoast_head_json":{"title":"Positive Lachlinie mit Planungstool: Wir zeigen wie!","description":"Bestimmte Kriterien bestimmen, wann wir ein L\u00e4cheln als besonders sch\u00f6n empfinden. Dabei spielt die positive Lachlinie eine wichtige Rolle.","robots":{"index":"index","follow":"follow","max-snippet":"max-snippet:-1","max-image-preview":"max-image-preview:large","max-video-preview":"max-video-preview:-1"},"canonical":"https:\/\/www.zahnregulierung-klagenfurt.at\/de\/fachartikel\/positive-lachlinie\/","og_locale":"de_DE","og_type":"article","og_title":"Positive Lachlinie","og_description":"Ein sch\u00f6nes L\u00e4cheln macht Menschen sympathisch. Und doch gibt es ganz bestimmte Kriterien, die bestimmen, wann wir ein L\u00e4cheln als besonders sch\u00f6n","og_url":"https:\/\/www.zahnregulierung-klagenfurt.at\/de\/fachartikel\/positive-lachlinie\/","og_site_name":"Dr. J&ouml;rg Hannesschl&auml;ger","article_publisher":"https:\/\/www.facebook.com\/ZahnarztDrHannesschlaeger\/","article_published_time":"2022-09-27T16:02:19+00:00","article_modified_time":"2025-05-07T07:34:20+00:00","og_image":[{"width":2560,"height":2055,"url":"https:\/\/www.zahnregulierung-klagenfurt.at\/wp-content\/uploads\/2022\/09\/PositiveLachlinie_Zahnspange-scaled.jpeg","type":"image\/jpeg"}],"author":"Tanja Rattenegger","twitter_card":"summary_large_image","twitter_misc":{"Verfasst von":"Tanja Rattenegger","Gesch\u00e4tzte Lesezeit":"3\u00a0Minuten"},"schema":{"@context":"https:\/\/schema.org","@graph":[{"@type":"Article","@id":"https:\/\/www.zahnregulierung-klagenfurt.at\/de\/fachartikel\/positive-lachlinie\/#article","isPartOf":{"@id":"https:\/\/www.zahnregulierung-klagenfurt.at\/de\/fachartikel\/positive-lachlinie\/"},"author":{"name":"Tanja Rattenegger","@id":"https:\/\/www.zahnregulierung-klagenfurt.at\/de\/#\/schema\/person\/7759d8306241d70cca57286ee81d8616"},"headline":"Positive Lachlinie","datePublished":"2022-09-27T16:02:19+00:00","dateModified":"2025-05-07T07:34:20+00:00","mainEntityOfPage":{"@id":"https:\/\/www.zahnregulierung-klagenfurt.at\/de\/fachartikel\/positive-lachlinie\/"},"wordCount":521,"publisher":{"@id":"https:\/\/www.zahnregulierung-klagenfurt.at\/de\/#organization"},"image":{"@id":"https:\/\/www.zahnregulierung-klagenfurt.at\/de\/fachartikel\/positive-lachlinie\/#primaryimage"},"thumbnailUrl":"https:\/\/www.zahnregulierung-klagenfurt.at\/wp-content\/uploads\/2022\/09\/PositiveLachlinie_Zahnspange-scaled.jpeg","articleSection":["Fachartikel"],"inLanguage":"de"},{"@type":"WebPage","@id":"https:\/\/www.zahnregulierung-klagenfurt.at\/de\/fachartikel\/positive-lachlinie\/","url":"https:\/\/www.zahnregulierung-klagenfurt.at\/de\/fachartikel\/positive-lachlinie\/","name":"Positive Lachlinie mit Planungstool: Wir zeigen wie!","isPartOf":{"@id":"https:\/\/www.zahnregulierung-klagenfurt.at\/de\/#website"},"primaryImageOfPage":{"@id":"https:\/\/www.zahnregulierung-klagenfurt.at\/de\/fachartikel\/positive-lachlinie\/#primaryimage"},"image":{"@id":"https:\/\/www.zahnregulierung-klagenfurt.at\/de\/fachartikel\/positive-lachlinie\/#primaryimage"},"thumbnailUrl":"https:\/\/www.zahnregulierung-klagenfurt.at\/wp-content\/uploads\/2022\/09\/PositiveLachlinie_Zahnspange-scaled.jpeg","datePublished":"2022-09-27T16:02:19+00:00","dateModified":"2025-05-07T07:34:20+00:00","description":"Bestimmte Kriterien bestimmen, wann wir ein L\u00e4cheln als besonders sch\u00f6n empfinden. Dabei spielt die positive Lachlinie eine wichtige Rolle.","breadcrumb":{"@id":"https:\/\/www.zahnregulierung-klagenfurt.at\/de\/fachartikel\/positive-lachlinie\/#breadcrumb"},"inLanguage":"de","potentialAction":[{"@type":"ReadAction","target":["https:\/\/www.zahnregulierung-klagenfurt.at\/de\/fachartikel\/positive-lachlinie\/"]}]},{"@type":"ImageObject","inLanguage":"de","@id":"https:\/\/www.zahnregulierung-klagenfurt.at\/de\/fachartikel\/positive-lachlinie\/#primaryimage","url":"https:\/\/www.zahnregulierung-klagenfurt.at\/wp-content\/uploads\/2022\/09\/PositiveLachlinie_Zahnspange-scaled.jpeg","contentUrl":"https:\/\/www.zahnregulierung-klagenfurt.at\/wp-content\/uploads\/2022\/09\/PositiveLachlinie_Zahnspange-scaled.jpeg","width":2560,"height":2055,"caption":"Was ein L\u00e4cheln sympathisch macht? Dr. J\u00f6rg Hannesschl\u00e4ger kennt die Antwort!"},{"@type":"BreadcrumbList","@id":"https:\/\/www.zahnregulierung-klagenfurt.at\/de\/fachartikel\/positive-lachlinie\/#breadcrumb","itemListElement":[{"@type":"ListItem","position":1,"name":"Zahnregulierung Klagenfurt","item":"https:\/\/www.zahnregulierung-klagenfurt.at\/de\/"},{"@type":"ListItem","position":2,"name":"Fachartikel","item":"https:\/\/www.zahnregulierung-klagenfurt.at\/de\/category\/fachartikel\/"},{"@type":"ListItem","position":3,"name":"Positive Lachlinie"}]},{"@type":"WebSite","@id":"https:\/\/www.zahnregulierung-klagenfurt.at\/de\/#website","url":"https:\/\/www.zahnregulierung-klagenfurt.at\/de\/","name":"Dr. J&ouml;rg Hannesschl&auml;ger","description":"","publisher":{"@id":"https:\/\/www.zahnregulierung-klagenfurt.at\/de\/#organization"},"potentialAction":[{"@type":"SearchAction","target":{"@type":"EntryPoint","urlTemplate":"https:\/\/www.zahnregulierung-klagenfurt.at\/de\/?s={search_term_string}"},"query-input":{"@type":"PropertyValueSpecification","valueRequired":true,"valueName":"search_term_string"}}],"inLanguage":"de"},{"@type":"Organization","@id":"https:\/\/www.zahnregulierung-klagenfurt.at\/de\/#organization","name":"Zahnarztpraxis Dr. J\u00f6rg Hannesschl\u00e4ger","url":"https:\/\/www.zahnregulierung-klagenfurt.at\/de\/","logo":{"@type":"ImageObject","inLanguage":"de","@id":"https:\/\/www.zahnregulierung-klagenfurt.at\/de\/#\/schema\/logo\/image\/","url":"https:\/\/www.zahnregulierung-klagenfurt.at\/wp-content\/uploads\/2020\/01\/favicon-1.png","contentUrl":"https:\/\/www.zahnregulierung-klagenfurt.at\/wp-content\/uploads\/2020\/01\/favicon-1.png","width":512,"height":512,"caption":"Zahnarztpraxis Dr. J\u00f6rg Hannesschl\u00e4ger"},"image":{"@id":"https:\/\/www.zahnregulierung-klagenfurt.at\/de\/#\/schema\/logo\/image\/"},"sameAs":["https:\/\/www.facebook.com\/ZahnarztDrHannesschlaeger\/","https:\/\/www.instagram.com\/zahnarztpraxis_lendhafen\/","https:\/\/www.youtube.com\/channel\/UCY8wT4RYM_OJDcXanarV9Ag","https:\/\/www.pinterest.at\/PraxisLendhafen\/","https:\/\/www.tiktok.com\/@zahnarztpraxis_lendhafen"]},{"@type":"Person","@id":"https:\/\/www.zahnregulierung-klagenfurt.at\/de\/#\/schema\/person\/7759d8306241d70cca57286ee81d8616","name":"Tanja Rattenegger","image":{"@type":"ImageObject","inLanguage":"de","@id":"https:\/\/secure.gravatar.com\/avatar\/765e324145c2f023c9c8553e92ce0e80215225091c48c92dab48434e8404d347?s=96&d=mm&r=g","url":"https:\/\/secure.gravatar.com\/avatar\/765e324145c2f023c9c8553e92ce0e80215225091c48c92dab48434e8404d347?s=96&d=mm&r=g","contentUrl":"https:\/\/secure.gravatar.com\/avatar\/765e324145c2f023c9c8553e92ce0e80215225091c48c92dab48434e8404d347?s=96&d=mm&r=g","caption":"Tanja Rattenegger"},"url":"https:\/\/www.zahnregulierung-klagenfurt.at\/de\/author\/tanja\/"}]}},"_links":{"self":[{"href":"https:\/\/www.zahnregulierung-klagenfurt.at\/de\/wp-json\/wp\/v2\/posts\/4137","targetHints":{"allow":["GET"]}}],"collection":[{"href":"https:\/\/www.zahnregulierung-klagenfurt.at\/de\/wp-json\/wp\/v2\/posts"}],"about":[{"href":"https:\/\/www.zahnregulierung-klagenfurt.at\/de\/wp-json\/wp\/v2\/types\/post"}],"author":[{"embeddable":true,"href":"https:\/\/www.zahnregulierung-klagenfurt.at\/de\/wp-json\/wp\/v2\/users\/2"}],"replies":[{"embeddable":true,"href":"https:\/\/www.zahnregulierung-klagenfurt.at\/de\/wp-json\/wp\/v2\/comments?post=4137"}],"version-history":[{"count":27,"href":"https:\/\/www.zahnregulierung-klagenfurt.at\/de\/wp-json\/wp\/v2\/posts\/4137\/revisions"}],"predecessor-version":[{"id":6107,"href":"https:\/\/www.zahnregulierung-klagenfurt.at\/de\/wp-json\/wp\/v2\/posts\/4137\/revisions\/6107"}],"wp:featuredmedia":[{"embeddable":true,"href":"https:\/\/www.zahnregulierung-klagenfurt.at\/de\/wp-json\/wp\/v2\/media\/4142"}],"wp:attachment":[{"href":"https:\/\/www.zahnregulierung-klagenfurt.at\/de\/wp-json\/wp\/v2\/media?parent=4137"}],"wp:term":[{"taxonomy":"category","embeddable":true,"href":"https:\/\/www.zahnregulierung-klagenfurt.at\/de\/wp-json\/wp\/v2\/categories?post=4137"},{"taxonomy":"post_tag","embeddable":true,"href":"https:\/\/www.zahnregulierung-klagenfurt.at\/de\/wp-json\/wp\/v2\/tags?post=4137"}],"curies":[{"name":"wp","href":"https:\/\/api.w.org\/{rel}","templated":true}]}}